{"id":3772,"date":"2026-08-20T21:19:36","date_gmt":"2026-08-20T19:19:36","guid":{"rendered":"https:\/\/www.santosepolcro.com\/?p=3772"},"modified":"2026-08-22T01:35:06","modified_gmt":"2026-08-21T23:35:06","slug":"i-cavalieri-bianchi-presenti-alla-festa-di-san-bernardo-e-del-principato","status":"publish","type":"post","link":"https:\/\/www.santosepolcro.com\/?p=3772","title":{"rendered":"I CAVALIERI BIANCHI PRESENTI ALLA FESTA DI SAN BERNARDO"},"content":{"rendered":"<div id=\"attachment_3767\" style=\"width: 410px\" class=\"wp-caption alignright\"><img decoding=\"async\" aria-describedby=\"caption-attachment-3767\" class=\"wp-image-3767 size-fusion-400\" src=\"https:\/\/www.santosepolcro.com\/wp-content\/uploads\/2026\/08\/seborga-cavalieri-dinnanzi-a-cappella-di-san-bernardo-400x601.jpg\" alt=\"\" width=\"400\" height=\"601\" srcset=\"https:\/\/www.santosepolcro.com\/wp-content\/uploads\/2026\/08\/seborga-cavalieri-dinnanzi-a-cappella-di-san-bernardo-200x300.jpg 200w, https:\/\/www.santosepolcro.com\/wp-content\/uploads\/2026\/08\/seborga-cavalieri-dinnanzi-a-cappella-di-san-bernardo-400x601.jpg 400w, https:\/\/www.santosepolcro.com\/wp-content\/uploads\/2026\/08\/seborga-cavalieri-dinnanzi-a-cappella-di-san-bernardo-600x901.jpg 600w, https:\/\/www.santosepolcro.com\/wp-content\/uploads\/2026\/08\/seborga-cavalieri-dinnanzi-a-cappella-di-san-bernardo-682x1024.jpg 682w, https:\/\/www.santosepolcro.com\/wp-content\/uploads\/2026\/08\/seborga-cavalieri-dinnanzi-a-cappella-di-san-bernardo-768x1154.jpg 768w, https:\/\/www.santosepolcro.com\/wp-content\/uploads\/2026\/08\/seborga-cavalieri-dinnanzi-a-cappella-di-san-bernardo-800x1202.jpg 800w, https:\/\/www.santosepolcro.com\/wp-content\/uploads\/2026\/08\/seborga-cavalieri-dinnanzi-a-cappella-di-san-bernardo-1022x1536.jpg 1022w, https:\/\/www.santosepolcro.com\/wp-content\/uploads\/2026\/08\/seborga-cavalieri-dinnanzi-a-cappella-di-san-bernardo.jpg 1065w\" sizes=\"(max-width: 400px) 100vw, 400px\" \/><p id=\"caption-attachment-3767\" class=\"wp-caption-text\">Davanti all acappella di San Bernardo<\/p><\/div>\n<p>Il giorno della Festa di San Bernardo, festa nazionale del Principato, a Seborga \u00e8 successo un fatto che ha dell&#8217;incredibile, un fatto magico. San Bernardo ci ha voluto premiare, tutti. Gi\u00e0 dal mattico il tempo si \u00e8 manifestato inclemente. Nel pomeriggio c&#8217;\u00e8 stata addirittura una bufera con vento teso con pioggia incessante e violenta. Poco prima delll&#8217;inizio della San Messa, improvviamente ha cessato di piovere. Siamo cos\u00ec riusciti, al termine della funzione, a fare la processione del santo.<\/p>\n<p>Qui di seguito abbiamo inserito alcune fotografie a ricordo della giornata.<\/p>\n<p>&nbsp;<\/p>\n<div id=\"attachment_3764\" style=\"width: 590px\" class=\"wp-caption alignleft\"><img decoding=\"async\" aria-describedby=\"caption-attachment-3764\" class=\"wp-image-3764\" src=\"https:\/\/www.santosepolcro.com\/wp-content\/uploads\/2026\/08\/seborga-cavalieri-in-processione-600x901.jpg\" alt=\"\" width=\"580\" height=\"871\" srcset=\"https:\/\/www.santosepolcro.com\/wp-content\/uploads\/2026\/08\/seborga-cavalieri-in-processione-200x300.jpg 200w, https:\/\/www.santosepolcro.com\/wp-content\/uploads\/2026\/08\/seborga-cavalieri-in-processione-400x601.jpg 400w, https:\/\/www.santosepolcro.com\/wp-content\/uploads\/2026\/08\/seborga-cavalieri-in-processione-600x901.jpg 600w, https:\/\/www.santosepolcro.com\/wp-content\/uploads\/2026\/08\/seborga-cavalieri-in-processione-682x1024.jpg 682w, https:\/\/www.santosepolcro.com\/wp-content\/uploads\/2026\/08\/seborga-cavalieri-in-processione-768x1154.jpg 768w, https:\/\/www.santosepolcro.com\/wp-content\/uploads\/2026\/08\/seborga-cavalieri-in-processione-800x1202.jpg 800w, https:\/\/www.santosepolcro.com\/wp-content\/uploads\/2026\/08\/seborga-cavalieri-in-processione-1022x1536.jpg 1022w, https:\/\/www.santosepolcro.com\/wp-content\/uploads\/2026\/08\/seborga-cavalieri-in-processione.jpg 1065w\" sizes=\"(max-width: 580px) 100vw, 580px\" \/><p id=\"caption-attachment-3764\" class=\"wp-caption-text\">Per le vie del Principato<\/p><\/div>\n<div id=\"attachment_3770\" style=\"width: 659px\" class=\"wp-caption alignright\"><img decoding=\"async\" aria-describedby=\"caption-attachment-3770\" class=\"wp-image-3770\" src=\"https:\/\/www.santosepolcro.com\/wp-content\/uploads\/2026\/08\/seborga-statua-bernardo-e-bandiera-ordine-400x266.jpg\" alt=\"\" width=\"649\" height=\"431\" srcset=\"https:\/\/www.santosepolcro.com\/wp-content\/uploads\/2026\/08\/seborga-statua-bernardo-e-bandiera-ordine-200x133.jpg 200w, https:\/\/www.santosepolcro.com\/wp-content\/uploads\/2026\/08\/seborga-statua-bernardo-e-bandiera-ordine-300x200.jpg 300w, https:\/\/www.santosepolcro.com\/wp-content\/uploads\/2026\/08\/seborga-statua-bernardo-e-bandiera-ordine-400x266.jpg 400w, https:\/\/www.santosepolcro.com\/wp-content\/uploads\/2026\/08\/seborga-statua-bernardo-e-bandiera-ordine-600x399.jpg 600w, https:\/\/www.santosepolcro.com\/wp-content\/uploads\/2026\/08\/seborga-statua-bernardo-e-bandiera-ordine-768x511.jpg 768w, https:\/\/www.santosepolcro.com\/wp-content\/uploads\/2026\/08\/seborga-statua-bernardo-e-bandiera-ordine-800x533.jpg 800w, https:\/\/www.santosepolcro.com\/wp-content\/uploads\/2026\/08\/seborga-statua-bernardo-e-bandiera-ordine-1024x682.jpg 1024w, https:\/\/www.santosepolcro.com\/wp-content\/uploads\/2026\/08\/seborga-statua-bernardo-e-bandiera-ordine-1200x799.jpg 1200w, https:\/\/www.santosepolcro.com\/wp-content\/uploads\/2026\/08\/seborga-statua-bernardo-e-bandiera-ordine-1536x1022.jpg 1536w, https:\/\/www.santosepolcro.com\/wp-content\/uploads\/2026\/08\/seborga-statua-bernardo-e-bandiera-ordine.jpg 1600w\" sizes=\"(max-width: 649px) 100vw, 649px\" \/><p id=\"caption-attachment-3770\" class=\"wp-caption-text\">Si prega davanti alla statua di San Bernardo<\/p><\/div>\n<div id=\"attachment_3762\" style=\"width: 452px\" class=\"wp-caption alignleft\"><img decoding=\"async\" aria-describedby=\"caption-attachment-3762\" class=\" wp-image-3762\" src=\"https:\/\/www.santosepolcro.com\/wp-content\/uploads\/2026\/08\/seborga-20-agosto-2026-lettura-in-chiesa-400x602.jpg\" alt=\"\" width=\"442\" height=\"665\" srcset=\"https:\/\/www.santosepolcro.com\/wp-content\/uploads\/2026\/08\/seborga-20-agosto-2026-lettura-in-chiesa-199x300.jpg 199w, https:\/\/www.santosepolcro.com\/wp-content\/uploads\/2026\/08\/seborga-20-agosto-2026-lettura-in-chiesa-200x301.jpg 200w, https:\/\/www.santosepolcro.com\/wp-content\/uploads\/2026\/08\/seborga-20-agosto-2026-lettura-in-chiesa-400x602.jpg 400w, https:\/\/www.santosepolcro.com\/wp-content\/uploads\/2026\/08\/seborga-20-agosto-2026-lettura-in-chiesa-600x903.jpg 600w, https:\/\/www.santosepolcro.com\/wp-content\/uploads\/2026\/08\/seborga-20-agosto-2026-lettura-in-chiesa-680x1024.jpg 680w, https:\/\/www.santosepolcro.com\/wp-content\/uploads\/2026\/08\/seborga-20-agosto-2026-lettura-in-chiesa-768x1156.jpg 768w, https:\/\/www.santosepolcro.com\/wp-content\/uploads\/2026\/08\/seborga-20-agosto-2026-lettura-in-chiesa-800x1204.jpg 800w, https:\/\/www.santosepolcro.com\/wp-content\/uploads\/2026\/08\/seborga-20-agosto-2026-lettura-in-chiesa-1020x1536.jpg 1020w, https:\/\/www.santosepolcro.com\/wp-content\/uploads\/2026\/08\/seborga-20-agosto-2026-lettura-in-chiesa.jpg 1063w\" sizes=\"(max-width: 442px) 100vw, 442px\" \/><p id=\"caption-attachment-3762\" class=\"wp-caption-text\">Il Priore dei Cavalieri Bianchi legge le Sacre Scritture<\/p><\/div>\n<div id=\"attachment_3771\" style=\"width: 504px\" class=\"wp-caption alignright\"><img decoding=\"async\" aria-describedby=\"caption-attachment-3771\" class=\" wp-image-3771\" src=\"https:\/\/www.santosepolcro.com\/wp-content\/uploads\/2026\/08\/seborga-cannone-che-spara-400x601.jpg\" alt=\"\" width=\"494\" height=\"742\" srcset=\"https:\/\/www.santosepolcro.com\/wp-content\/uploads\/2026\/08\/seborga-cannone-che-spara-200x300.jpg 200w, https:\/\/www.santosepolcro.com\/wp-content\/uploads\/2026\/08\/seborga-cannone-che-spara-400x601.jpg 400w, https:\/\/www.santosepolcro.com\/wp-content\/uploads\/2026\/08\/seborga-cannone-che-spara-600x901.jpg 600w, https:\/\/www.santosepolcro.com\/wp-content\/uploads\/2026\/08\/seborga-cannone-che-spara-682x1024.jpg 682w, https:\/\/www.santosepolcro.com\/wp-content\/uploads\/2026\/08\/seborga-cannone-che-spara-768x1154.jpg 768w, https:\/\/www.santosepolcro.com\/wp-content\/uploads\/2026\/08\/seborga-cannone-che-spara-800x1202.jpg 800w, https:\/\/www.santosepolcro.com\/wp-content\/uploads\/2026\/08\/seborga-cannone-che-spara-1022x1536.jpg 1022w, https:\/\/www.santosepolcro.com\/wp-content\/uploads\/2026\/08\/seborga-cannone-che-spara.jpg 1065w\" sizes=\"(max-width: 494px) 100vw, 494px\" \/><p id=\"caption-attachment-3771\" class=\"wp-caption-text\">Tradizionale sparo del cannone<\/p><\/div>\n<div id=\"attachment_3779\" style=\"width: 529px\" class=\"wp-caption alignleft\"><img decoding=\"async\" aria-describedby=\"caption-attachment-3779\" class=\"wp-image-3779\" src=\"https:\/\/www.santosepolcro.com\/wp-content\/uploads\/2026\/08\/seborga-2026-nina-diego.jpg\" alt=\"\" width=\"519\" height=\"627\" srcset=\"https:\/\/www.santosepolcro.com\/wp-content\/uploads\/2026\/08\/seborga-2026-nina-diego-200x241.jpg 200w, https:\/\/www.santosepolcro.com\/wp-content\/uploads\/2026\/08\/seborga-2026-nina-diego-249x300.jpg 249w, https:\/\/www.santosepolcro.com\/wp-content\/uploads\/2026\/08\/seborga-2026-nina-diego.jpg 401w\" sizes=\"(max-width: 519px) 100vw, 519px\" \/><p id=\"caption-attachment-3779\" class=\"wp-caption-text\">La Principessa Nina e il Capo del Governo Ombra<\/p><\/div>\n<div id=\"attachment_3763\" style=\"width: 555px\" class=\"wp-caption alignright\"><img decoding=\"async\" aria-describedby=\"caption-attachment-3763\" class=\"wp-image-3763\" src=\"https:\/\/www.santosepolcro.com\/wp-content\/uploads\/2026\/08\/seborga-cavalieri-2-in-processione-600x399.jpg\" alt=\"\" width=\"545\" height=\"362\" srcset=\"https:\/\/www.santosepolcro.com\/wp-content\/uploads\/2026\/08\/seborga-cavalieri-2-in-processione-200x133.jpg 200w, https:\/\/www.santosepolcro.com\/wp-content\/uploads\/2026\/08\/seborga-cavalieri-2-in-processione-300x200.jpg 300w, https:\/\/www.santosepolcro.com\/wp-content\/uploads\/2026\/08\/seborga-cavalieri-2-in-processione-400x266.jpg 400w, https:\/\/www.santosepolcro.com\/wp-content\/uploads\/2026\/08\/seborga-cavalieri-2-in-processione-600x399.jpg 600w, https:\/\/www.santosepolcro.com\/wp-content\/uploads\/2026\/08\/seborga-cavalieri-2-in-processione-768x511.jpg 768w, https:\/\/www.santosepolcro.com\/wp-content\/uploads\/2026\/08\/seborga-cavalieri-2-in-processione-800x533.jpg 800w, https:\/\/www.santosepolcro.com\/wp-content\/uploads\/2026\/08\/seborga-cavalieri-2-in-processione-1024x682.jpg 1024w, https:\/\/www.santosepolcro.com\/wp-content\/uploads\/2026\/08\/seborga-cavalieri-2-in-processione-1200x799.jpg 1200w, https:\/\/www.santosepolcro.com\/wp-content\/uploads\/2026\/08\/seborga-cavalieri-2-in-processione-1536x1022.jpg 1536w, https:\/\/www.santosepolcro.com\/wp-content\/uploads\/2026\/08\/seborga-cavalieri-2-in-processione.jpg 1600w\" sizes=\"(max-width: 545px) 100vw, 545px\" \/><p id=\"caption-attachment-3763\" class=\"wp-caption-text\">seguendo il passaggio della statua di San Bernardo<\/p><\/div>\n","protected":false},"excerpt":{"rendered":"<p>Il giorno della Festa di San Bernardo, festa nazionale del Principato, a Seborga \u00e8 successo un fatto che ha dell&#8217;incredibile, un fatto magico. San Bernardo ci ha voluto premiare, tutti.  [&#8230;]<\/p>\n","protected":false},"author":3,"featured_media":3775,"comment_status":"closed","ping_status":"closed","sticky":false,"template":"","format":"standard","meta":{"footnotes":""},"categories":[323,29,172,392,24,263,85,162,132,1],"tags":[788,399,669,685,106,789],"class_list":["post-3772","post","type-post","status-publish","format-standard","has-post-thumbnail","hentry","category-commemorazioni","category-comunicati-stampa","category-galleria-fotografica","category-news","category-notizie","category-aiutiamoli","category-riunioni","category-san-bernardo","category-seborga-o-saouburg-o-castrum-sepulchri","category-uncategorized","tag-20-agosto-2026","tag-diego-beltrutti-di-san-biagio","tag-nina-dobler","tag-priore-generale-dei-cavalieri-bianchi","tag-san-bernardo","tag-seborga-sparo-del-cannone"],"yoast_head":"<!-- This site is optimized with the Yoast SEO plugin v26.5 - https:\/\/yoast.com\/wordpress\/plugins\/seo\/ -->\n<title>I CAVALIERI BIANCHI PRESENTI ALLA FESTA DI SAN BERNARDO - Santo Sepolcro<\/title>\n<meta name=\"robots\" content=\"index, follow, max-snippet:-1, max-image-preview:large, max-video-preview:-1\" \/>\n<link rel=\"canonical\" href=\"https:\/\/www.santosepolcro.com\/?p=3772\" \/>\n<meta property=\"og:locale\" content=\"it_IT\" \/>\n<meta property=\"og:type\" content=\"article\" \/>\n<meta property=\"og:title\" content=\"I CAVALIERI BIANCHI PRESENTI ALLA FESTA DI SAN BERNARDO - Santo Sepolcro\" \/>\n<meta property=\"og:description\" content=\"Il giorno della Festa di San Bernardo, festa nazionale del Principato, a Seborga \u00e8 successo un fatto che ha dell&#8217;incredibile, un fatto magico. San Bernardo ci ha voluto premiare, tutti. [...]\" \/>\n<meta property=\"og:url\" content=\"https:\/\/www.santosepolcro.com\/?p=3772\" \/>\n<meta property=\"og:site_name\" content=\"Santo Sepolcro\" \/>\n<meta property=\"article:published_time\" content=\"2026-08-20T19:19:36+00:00\" \/>\n<meta property=\"article:modified_time\" content=\"2026-08-21T23:35:06+00:00\" \/>\n<meta property=\"og:image\" content=\"https:\/\/www.santosepolcro.com\/wp-content\/uploads\/2026\/08\/seborga-2026-Massimo-e-i-cavalieri.jpg\" \/>\n\t<meta property=\"og:image:width\" content=\"853\" \/>\n\t<meta property=\"og:image:height\" content=\"1593\" \/>\n\t<meta property=\"og:image:type\" content=\"image\/jpeg\" \/>\n<meta name=\"author\" content=\"beltrutti\" \/>\n<meta name=\"twitter:card\" content=\"summary_large_image\" \/>\n<meta name=\"twitter:label1\" content=\"Scritto da\" \/>\n\t<meta name=\"twitter:data1\" content=\"beltrutti\" \/>\n\t<meta name=\"twitter:label2\" content=\"Tempo di lettura stimato\" \/>\n\t<meta name=\"twitter:data2\" content=\"3 minuti\" \/>\n<script type=\"application\/ld+json\" class=\"yoast-schema-graph\">{\"@context\":\"https:\/\/schema.org\",\"@graph\":[{\"@type\":\"Article\",\"@id\":\"https:\/\/www.santosepolcro.com\/?p=3772#article\",\"isPartOf\":{\"@id\":\"https:\/\/www.santosepolcro.com\/?p=3772\"},\"author\":{\"name\":\"beltrutti\",\"@id\":\"https:\/\/www.santosepolcro.com\/#\/schema\/person\/19c62701bfa22cdda549b1d81b75d881\"},\"headline\":\"I CAVALIERI BIANCHI PRESENTI ALLA FESTA DI SAN BERNARDO\",\"datePublished\":\"2026-08-20T19:19:36+00:00\",\"dateModified\":\"2026-08-21T23:35:06+00:00\",\"mainEntityOfPage\":{\"@id\":\"https:\/\/www.santosepolcro.com\/?p=3772\"},\"wordCount\":197,\"publisher\":{\"@id\":\"https:\/\/www.santosepolcro.com\/#organization\"},\"image\":{\"@id\":\"https:\/\/www.santosepolcro.com\/?p=3772#primaryimage\"},\"thumbnailUrl\":\"https:\/\/www.santosepolcro.com\/wp-content\/uploads\/2026\/08\/seborga-2026-Massimo-e-i-cavalieri.jpg\",\"keywords\":[\"20 agosto 2026\",\"Diego Beltrutti di San Biagio\",\"Nina Dobler\",\"Priore Generale dei Cavalieri Bianchi\",\"San Bernardo\",\"Seborga - sparo del cannone\"],\"articleSection\":[\"Commemorazioni\",\"Comunicati Stampa\",\"Galleria fotografica\",\"News\",\"Notizie\",\"Per non dimenticare\",\"Riunioni\",\"San Bernardo\",\"Seborga\",\"Uncategorized\"],\"inLanguage\":\"it-IT\"},{\"@type\":\"WebPage\",\"@id\":\"https:\/\/www.santosepolcro.com\/?p=3772\",\"url\":\"https:\/\/www.santosepolcro.com\/?p=3772\",\"name\":\"I CAVALIERI BIANCHI PRESENTI ALLA FESTA DI SAN BERNARDO - Santo Sepolcro\",\"isPartOf\":{\"@id\":\"https:\/\/www.santosepolcro.com\/#website\"},\"primaryImageOfPage\":{\"@id\":\"https:\/\/www.santosepolcro.com\/?p=3772#primaryimage\"},\"image\":{\"@id\":\"https:\/\/www.santosepolcro.com\/?p=3772#primaryimage\"},\"thumbnailUrl\":\"https:\/\/www.santosepolcro.com\/wp-content\/uploads\/2026\/08\/seborga-2026-Massimo-e-i-cavalieri.jpg\",\"datePublished\":\"2026-08-20T19:19:36+00:00\",\"dateModified\":\"2026-08-21T23:35:06+00:00\",\"breadcrumb\":{\"@id\":\"https:\/\/www.santosepolcro.com\/?p=3772#breadcrumb\"},\"inLanguage\":\"it-IT\",\"potentialAction\":[{\"@type\":\"ReadAction\",\"target\":[\"https:\/\/www.santosepolcro.com\/?p=3772\"]}]},{\"@type\":\"ImageObject\",\"inLanguage\":\"it-IT\",\"@id\":\"https:\/\/www.santosepolcro.com\/?p=3772#primaryimage\",\"url\":\"https:\/\/www.santosepolcro.com\/wp-content\/uploads\/2026\/08\/seborga-2026-Massimo-e-i-cavalieri.jpg\",\"contentUrl\":\"https:\/\/www.santosepolcro.com\/wp-content\/uploads\/2026\/08\/seborga-2026-Massimo-e-i-cavalieri.jpg\",\"width\":853,\"height\":1593},{\"@type\":\"BreadcrumbList\",\"@id\":\"https:\/\/www.santosepolcro.com\/?p=3772#breadcrumb\",\"itemListElement\":[{\"@type\":\"ListItem\",\"position\":1,\"name\":\"Home\",\"item\":\"https:\/\/www.santosepolcro.com\/\"},{\"@type\":\"ListItem\",\"position\":2,\"name\":\"I CAVALIERI BIANCHI PRESENTI ALLA FESTA DI SAN BERNARDO\"}]},{\"@type\":\"WebSite\",\"@id\":\"https:\/\/www.santosepolcro.com\/#website\",\"url\":\"https:\/\/www.santosepolcro.com\/\",\"name\":\"Santo Sepolcro\",\"description\":\"Per Christum ad Lucem!\",\"publisher\":{\"@id\":\"https:\/\/www.santosepolcro.com\/#organization\"},\"potentialAction\":[{\"@type\":\"SearchAction\",\"target\":{\"@type\":\"EntryPoint\",\"urlTemplate\":\"https:\/\/www.santosepolcro.com\/?s={search_term_string}\"},\"query-input\":{\"@type\":\"PropertyValueSpecification\",\"valueRequired\":true,\"valueName\":\"search_term_string\"}}],\"inLanguage\":\"it-IT\"},{\"@type\":\"Organization\",\"@id\":\"https:\/\/www.santosepolcro.com\/#organization\",\"name\":\"V.E.O.S.P.S.S.\",\"url\":\"https:\/\/www.santosepolcro.com\/\",\"logo\":{\"@type\":\"ImageObject\",\"inLanguage\":\"it-IT\",\"@id\":\"https:\/\/www.santosepolcro.com\/#\/schema\/logo\/image\/\",\"url\":\"https:\/\/www.santosepolcro.com\/wp-content\/uploads\/2023\/11\/logo2.jpg\",\"contentUrl\":\"https:\/\/www.santosepolcro.com\/wp-content\/uploads\/2023\/11\/logo2.jpg\",\"width\":165,\"height\":196,\"caption\":\"V.E.O.S.P.S.S.\"},\"image\":{\"@id\":\"https:\/\/www.santosepolcro.com\/#\/schema\/logo\/image\/\"}},{\"@type\":\"Person\",\"@id\":\"https:\/\/www.santosepolcro.com\/#\/schema\/person\/19c62701bfa22cdda549b1d81b75d881\",\"name\":\"beltrutti\",\"url\":\"https:\/\/www.santosepolcro.com\/?author=3\"}]}<\/script>\n<!-- \/ Yoast SEO plugin. -->","yoast_head_json":{"title":"I CAVALIERI BIANCHI PRESENTI ALLA FESTA DI SAN BERNARDO - Santo Sepolcro","robots":{"index":"index","follow":"follow","max-snippet":"max-snippet:-1","max-image-preview":"max-image-preview:large","max-video-preview":"max-video-preview:-1"},"canonical":"https:\/\/www.santosepolcro.com\/?p=3772","og_locale":"it_IT","og_type":"article","og_title":"I CAVALIERI BIANCHI PRESENTI ALLA FESTA DI SAN BERNARDO - Santo Sepolcro","og_description":"Il giorno della Festa di San Bernardo, festa nazionale del Principato, a Seborga \u00e8 successo un fatto che ha dell&#8217;incredibile, un fatto magico. San Bernardo ci ha voluto premiare, tutti. [...]","og_url":"https:\/\/www.santosepolcro.com\/?p=3772","og_site_name":"Santo Sepolcro","article_published_time":"2026-08-20T19:19:36+00:00","article_modified_time":"2026-08-21T23:35:06+00:00","og_image":[{"width":853,"height":1593,"url":"https:\/\/www.santosepolcro.com\/wp-content\/uploads\/2026\/08\/seborga-2026-Massimo-e-i-cavalieri.jpg","type":"image\/jpeg"}],"author":"beltrutti","twitter_card":"summary_large_image","twitter_misc":{"Scritto da":"beltrutti","Tempo di lettura stimato":"3 minuti"},"schema":{"@context":"https:\/\/schema.org","@graph":[{"@type":"Article","@id":"https:\/\/www.santosepolcro.com\/?p=3772#article","isPartOf":{"@id":"https:\/\/www.santosepolcro.com\/?p=3772"},"author":{"name":"beltrutti","@id":"https:\/\/www.santosepolcro.com\/#\/schema\/person\/19c62701bfa22cdda549b1d81b75d881"},"headline":"I CAVALIERI BIANCHI PRESENTI ALLA FESTA DI SAN BERNARDO","datePublished":"2026-08-20T19:19:36+00:00","dateModified":"2026-08-21T23:35:06+00:00","mainEntityOfPage":{"@id":"https:\/\/www.santosepolcro.com\/?p=3772"},"wordCount":197,"publisher":{"@id":"https:\/\/www.santosepolcro.com\/#organization"},"image":{"@id":"https:\/\/www.santosepolcro.com\/?p=3772#primaryimage"},"thumbnailUrl":"https:\/\/www.santosepolcro.com\/wp-content\/uploads\/2026\/08\/seborga-2026-Massimo-e-i-cavalieri.jpg","keywords":["20 agosto 2026","Diego Beltrutti di San Biagio","Nina Dobler","Priore Generale dei Cavalieri Bianchi","San Bernardo","Seborga - sparo del cannone"],"articleSection":["Commemorazioni","Comunicati Stampa","Galleria fotografica","News","Notizie","Per non dimenticare","Riunioni","San Bernardo","Seborga","Uncategorized"],"inLanguage":"it-IT"},{"@type":"WebPage","@id":"https:\/\/www.santosepolcro.com\/?p=3772","url":"https:\/\/www.santosepolcro.com\/?p=3772","name":"I CAVALIERI BIANCHI PRESENTI ALLA FESTA DI SAN BERNARDO - Santo Sepolcro","isPartOf":{"@id":"https:\/\/www.santosepolcro.com\/#website"},"primaryImageOfPage":{"@id":"https:\/\/www.santosepolcro.com\/?p=3772#primaryimage"},"image":{"@id":"https:\/\/www.santosepolcro.com\/?p=3772#primaryimage"},"thumbnailUrl":"https:\/\/www.santosepolcro.com\/wp-content\/uploads\/2026\/08\/seborga-2026-Massimo-e-i-cavalieri.jpg","datePublished":"2026-08-20T19:19:36+00:00","dateModified":"2026-08-21T23:35:06+00:00","breadcrumb":{"@id":"https:\/\/www.santosepolcro.com\/?p=3772#breadcrumb"},"inLanguage":"it-IT","potentialAction":[{"@type":"ReadAction","target":["https:\/\/www.santosepolcro.com\/?p=3772"]}]},{"@type":"ImageObject","inLanguage":"it-IT","@id":"https:\/\/www.santosepolcro.com\/?p=3772#primaryimage","url":"https:\/\/www.santosepolcro.com\/wp-content\/uploads\/2026\/08\/seborga-2026-Massimo-e-i-cavalieri.jpg","contentUrl":"https:\/\/www.santosepolcro.com\/wp-content\/uploads\/2026\/08\/seborga-2026-Massimo-e-i-cavalieri.jpg","width":853,"height":1593},{"@type":"BreadcrumbList","@id":"https:\/\/www.santosepolcro.com\/?p=3772#breadcrumb","itemListElement":[{"@type":"ListItem","position":1,"name":"Home","item":"https:\/\/www.santosepolcro.com\/"},{"@type":"ListItem","position":2,"name":"I CAVALIERI BIANCHI PRESENTI ALLA FESTA DI SAN BERNARDO"}]},{"@type":"WebSite","@id":"https:\/\/www.santosepolcro.com\/#website","url":"https:\/\/www.santosepolcro.com\/","name":"Santo Sepolcro","description":"Per Christum ad Lucem!","publisher":{"@id":"https:\/\/www.santosepolcro.com\/#organization"},"potentialAction":[{"@type":"SearchAction","target":{"@type":"EntryPoint","urlTemplate":"https:\/\/www.santosepolcro.com\/?s={search_term_string}"},"query-input":{"@type":"PropertyValueSpecification","valueRequired":true,"valueName":"search_term_string"}}],"inLanguage":"it-IT"},{"@type":"Organization","@id":"https:\/\/www.santosepolcro.com\/#organization","name":"V.E.O.S.P.S.S.","url":"https:\/\/www.santosepolcro.com\/","logo":{"@type":"ImageObject","inLanguage":"it-IT","@id":"https:\/\/www.santosepolcro.com\/#\/schema\/logo\/image\/","url":"https:\/\/www.santosepolcro.com\/wp-content\/uploads\/2023\/11\/logo2.jpg","contentUrl":"https:\/\/www.santosepolcro.com\/wp-content\/uploads\/2023\/11\/logo2.jpg","width":165,"height":196,"caption":"V.E.O.S.P.S.S."},"image":{"@id":"https:\/\/www.santosepolcro.com\/#\/schema\/logo\/image\/"}},{"@type":"Person","@id":"https:\/\/www.santosepolcro.com\/#\/schema\/person\/19c62701bfa22cdda549b1d81b75d881","name":"beltrutti","url":"https:\/\/www.santosepolcro.com\/?author=3"}]}},"_links":{"self":[{"href":"https:\/\/www.santosepolcro.com\/index.php?rest_route=\/wp\/v2\/posts\/3772","targetHints":{"allow":["GET"]}}],"collection":[{"href":"https:\/\/www.santosepolcro.com\/index.php?rest_route=\/wp\/v2\/posts"}],"about":[{"href":"https:\/\/www.santosepolcro.com\/index.php?rest_route=\/wp\/v2\/types\/post"}],"author":[{"embeddable":true,"href":"https:\/\/www.santosepolcro.com\/index.php?rest_route=\/wp\/v2\/users\/3"}],"replies":[{"embeddable":true,"href":"https:\/\/www.santosepolcro.com\/index.php?rest_route=%2Fwp%2Fv2%2Fcomments&post=3772"}],"version-history":[{"count":9,"href":"https:\/\/www.santosepolcro.com\/index.php?rest_route=\/wp\/v2\/posts\/3772\/revisions"}],"predecessor-version":[{"id":3785,"href":"https:\/\/www.santosepolcro.com\/index.php?rest_route=\/wp\/v2\/posts\/3772\/revisions\/3785"}],"wp:featuredmedia":[{"embeddable":true,"href":"https:\/\/www.santosepolcro.com\/index.php?rest_route=\/wp\/v2\/media\/3775"}],"wp:attachment":[{"href":"https:\/\/www.santosepolcro.com\/index.php?rest_route=%2Fwp%2Fv2%2Fmedia&parent=3772"}],"wp:term":[{"taxonomy":"category","embeddable":true,"href":"https:\/\/www.santosepolcro.com\/index.php?rest_route=%2Fwp%2Fv2%2Fcategories&post=3772"},{"taxonomy":"post_tag","embeddable":true,"href":"https:\/\/www.santosepolcro.com\/index.php?rest_route=%2Fwp%2Fv2%2Ftags&post=3772"}],"curies":[{"name":"wp","href":"https:\/\/api.w.org\/{rel}","templated":true}]}}